{"id":242,"date":"2011-05-08T09:32:23","date_gmt":"2011-05-08T09:32:23","guid":{"rendered":"http:\/\/www.auvergne-enduro.fr\/?p=242"},"modified":"2011-11-14T17:20:56","modified_gmt":"2011-11-14T17:20:56","slug":"randonnee-enduro-sur-le-plateau-de-lartense","status":"publish","type":"post","link":"http:\/\/www.auvergne-enduro.fr\/?p=242","title":{"rendered":"Randonn\u00e9e Enduro sur le plateau de l&rsquo;Artense"},"content":{"rendered":"<p><span style=\"font-size: 12px;\"><u><strong>Le samedi 11 Juin<\/strong><\/u> aura lieu une randonn&eacute;e au d&eacute;part d&#39;un petit village, <strong>Bagnols<\/strong>, situ&eacute; sur le plateau de<em> <strong>l&#39;Artense<\/strong><\/em>, venez d&eacute;couvrir une des parties les plus sauvages de l&#39;Auvergne.<br \/>\r\n\tDes <em><strong>gorges de la Rhue <\/strong><\/em>au <em><strong>Ch&acirc;teau de Val<\/strong><\/em> en passant par le <strong><em>lac de la Cr&eacute;gut <\/em><\/strong>avec pour toile de fond les monts du <em><strong>Sancy<\/strong><\/em>, vivez une randonn&eacute;e inoubliable!<\/span><\/p>\r\n","protected":false},"excerpt":{"rendered":"<p>Le samedi 11 Juin aura lieu une randonn&eacute;e au d&eacute;part d&#39;un petit village, Bagnols, situ&eacute; sur le plateau de l&#39;Artense, venez d&eacute;couvrir une des parties les plus sauvages de l&#39;Auvergne. Des gorges de la Rhue au Ch&acirc;teau de Val en passant par le lac de la Cr&eacute;gut avec pour toile de fond les monts du &hellip;<\/p>\n<p class=\"read-more\"> <a class=\"\" href=\"http:\/\/www.auvergne-enduro.fr\/?p=242\"> <span class=\"screen-reader-text\">Randonn\u00e9e Enduro sur le plateau de l&rsquo;Artense<\/span> Lire la suite\u00a0\u00bb<\/a><\/p>\n","protected":false},"author":1,"featured_media":0,"comment_status":"closed","ping_status":"closed","sticky":false,"template":"","format":"standard","meta":[],"categories":[6,1],"tags":[19,11],"yoast_head":"<!-- This site is optimized with the Yoast SEO plugin v14.9 - https:\/\/yoast.com\/wordpress\/plugins\/seo\/ -->\n<title>Randonn\u00e9e Enduro sur le plateau de l&#039;Artense - Auvergne Enduro - Stages et randonn\u00e9es moto<\/title>\n<meta name=\"description\" content=\"Stages et randonn\u00e9es enduro. Venez d\u00e9couvrir l&#039;Auvergne \u00e0 moto. Encadr\u00e9 par Pierre Pallut, brevet\u00e9 d&#039;\u00c9tat, sp\u00e9cialiste de la comp\u00e9tition.\" \/>\n<meta name=\"robots\" content=\"index, follow, max-snippet:-1, max-image-preview:large, max-video-preview:-1\" \/>\n<link rel=\"canonical\" href=\"http:\/\/www.auvergne-enduro.fr\/?p=242\" \/>\n<meta property=\"og:locale\" content=\"fr_FR\" \/>\n<meta property=\"og:type\" content=\"article\" \/>\n<meta property=\"og:title\" content=\"Randonn\u00e9e Enduro sur le plateau de l&#039;Artense - Auvergne Enduro - Stages et randonn\u00e9es moto\" \/>\n<meta property=\"og:description\" content=\"Stages et randonn\u00e9es enduro. Venez d\u00e9couvrir l&#039;Auvergne \u00e0 moto. Encadr\u00e9 par Pierre Pallut, brevet\u00e9 d&#039;\u00c9tat, sp\u00e9cialiste de la comp\u00e9tition.\" \/>\n<meta property=\"og:url\" content=\"http:\/\/www.auvergne-enduro.fr\/?p=242\" \/>\n<meta property=\"og:site_name\" content=\"Auvergne Enduro - Stages et randonn\u00e9es moto\" \/>\n<meta property=\"article:publisher\" content=\"https:\/\/www.facebook.com\/auvergne.enduro\" \/>\n<meta property=\"article:published_time\" content=\"2011-05-08T09:32:23+00:00\" \/>\n<meta property=\"article:modified_time\" content=\"2011-11-14T17:20:56+00:00\" \/>\n<meta name=\"twitter:card\" content=\"summary_large_image\" \/>\n<script type=\"application\/ld+json\" class=\"yoast-schema-graph\">{\"@context\":\"https:\/\/schema.org\",\"@graph\":[{\"@type\":\"Organization\",\"@id\":\"http:\/\/www.auvergne-enduro.fr\/#organization\",\"name\":\"Auvergne Enduro\",\"url\":\"http:\/\/www.auvergne-enduro.fr\/\",\"sameAs\":[\"https:\/\/www.facebook.com\/auvergne.enduro\",\"https:\/\/www.instagram.com\/pierrepallut\/\"],\"logo\":{\"@type\":\"ImageObject\",\"@id\":\"http:\/\/www.auvergne-enduro.fr\/#logo\",\"inLanguage\":\"fr-FR\",\"url\":\"http:\/\/www.auvergne-enduro.fr\/wp-content\/uploads\/2016\/01\/logo_admin.png\",\"width\":323,\"height\":67,\"caption\":\"Auvergne Enduro\"},\"image\":{\"@id\":\"http:\/\/www.auvergne-enduro.fr\/#logo\"}},{\"@type\":\"WebSite\",\"@id\":\"http:\/\/www.auvergne-enduro.fr\/#website\",\"url\":\"http:\/\/www.auvergne-enduro.fr\/\",\"name\":\"Auvergne Enduro - Stages et randonn\\u00e9es moto\",\"description\":\"Stages et randonn\\u00e9es moto\",\"publisher\":{\"@id\":\"http:\/\/www.auvergne-enduro.fr\/#organization\"},\"potentialAction\":[{\"@type\":\"SearchAction\",\"target\":\"http:\/\/www.auvergne-enduro.fr\/?s={search_term_string}\",\"query-input\":\"required name=search_term_string\"}],\"inLanguage\":\"fr-FR\"},{\"@type\":\"WebPage\",\"@id\":\"http:\/\/www.auvergne-enduro.fr\/?p=242#webpage\",\"url\":\"http:\/\/www.auvergne-enduro.fr\/?p=242\",\"name\":\"Randonn\\u00e9e Enduro sur le plateau de l'Artense - Auvergne Enduro - Stages et randonn\\u00e9es moto\",\"isPartOf\":{\"@id\":\"http:\/\/www.auvergne-enduro.fr\/#website\"},\"datePublished\":\"2011-05-08T09:32:23+00:00\",\"dateModified\":\"2011-11-14T17:20:56+00:00\",\"description\":\"Stages et randonn\\u00e9es enduro. Venez d\\u00e9couvrir l'Auvergne \\u00e0 moto. Encadr\\u00e9 par Pierre Pallut, brevet\\u00e9 d'\\u00c9tat, sp\\u00e9cialiste de la comp\\u00e9tition.\",\"inLanguage\":\"fr-FR\",\"potentialAction\":[{\"@type\":\"ReadAction\",\"target\":[\"http:\/\/www.auvergne-enduro.fr\/?p=242\"]}]},{\"@type\":\"Article\",\"@id\":\"http:\/\/www.auvergne-enduro.fr\/?p=242#article\",\"isPartOf\":{\"@id\":\"http:\/\/www.auvergne-enduro.fr\/?p=242#webpage\"},\"author\":{\"@id\":\"http:\/\/www.auvergne-enduro.fr\/#\/schema\/person\/7370568342023ad9b96c74904129fdc8\"},\"headline\":\"Randonn\\u00e9e Enduro sur le plateau de l&rsquo;Artense\",\"datePublished\":\"2011-05-08T09:32:23+00:00\",\"dateModified\":\"2011-11-14T17:20:56+00:00\",\"mainEntityOfPage\":{\"@id\":\"http:\/\/www.auvergne-enduro.fr\/?p=242#webpage\"},\"publisher\":{\"@id\":\"http:\/\/www.auvergne-enduro.fr\/#organization\"},\"keywords\":\"randonn\\u00e9e enduro,stage enduro\",\"articleSection\":\"News\",\"inLanguage\":\"fr-FR\"},{\"@type\":\"Person\",\"@id\":\"http:\/\/www.auvergne-enduro.fr\/#\/schema\/person\/7370568342023ad9b96c74904129fdc8\",\"name\":\"admin\",\"image\":{\"@type\":\"ImageObject\",\"@id\":\"http:\/\/www.auvergne-enduro.fr\/#personlogo\",\"inLanguage\":\"fr-FR\",\"url\":\"http:\/\/0.gravatar.com\/avatar\/9d4c645c38aed819bd8b486d4971efdf?s=96&d=mm&r=g\",\"caption\":\"admin\"}}]}<\/script>\n<!-- \/ Yoast SEO plugin. -->","_links":{"self":[{"href":"http:\/\/www.auvergne-enduro.fr\/index.php?rest_route=\/wp\/v2\/posts\/242"}],"collection":[{"href":"http:\/\/www.auvergne-enduro.fr\/index.php?rest_route=\/wp\/v2\/posts"}],"about":[{"href":"http:\/\/www.auvergne-enduro.fr\/index.php?rest_route=\/wp\/v2\/types\/post"}],"author":[{"embeddable":true,"href":"http:\/\/www.auvergne-enduro.fr\/index.php?rest_route=\/wp\/v2\/users\/1"}],"replies":[{"embeddable":true,"href":"http:\/\/www.auvergne-enduro.fr\/index.php?rest_route=%2Fwp%2Fv2%2Fcomments&post=242"}],"version-history":[{"count":4,"href":"http:\/\/www.auvergne-enduro.fr\/index.php?rest_route=\/wp\/v2\/posts\/242\/revisions"}],"predecessor-version":[{"id":354,"href":"http:\/\/www.auvergne-enduro.fr\/index.php?rest_route=\/wp\/v2\/posts\/242\/revisions\/354"}],"wp:attachment":[{"href":"http:\/\/www.auvergne-enduro.fr\/index.php?rest_route=%2Fwp%2Fv2%2Fmedia&parent=242"}],"wp:term":[{"taxonomy":"category","embeddable":true,"href":"http:\/\/www.auvergne-enduro.fr\/index.php?rest_route=%2Fwp%2Fv2%2Fcategories&post=242"},{"taxonomy":"post_tag","embeddable":true,"href":"http:\/\/www.auvergne-enduro.fr\/index.php?rest_route=%2Fwp%2Fv2%2Ftags&post=242"}],"curies":[{"name":"wp","href":"https:\/\/api.w.org\/{rel}","templated":true}]}}