{"id":290,"date":"2011-10-21T12:19:46","date_gmt":"2011-10-21T12:19:46","guid":{"rendered":"http:\/\/www.auvergne-enduro.fr\/?p=290"},"modified":"2011-11-14T17:12:20","modified_gmt":"2011-11-14T17:12:20","slug":"victoire-a-lenduo-2012","status":"publish","type":"post","link":"http:\/\/www.auvergne-enduro.fr\/?p=290","title":{"rendered":"VICTOIRE A L&rsquo;ENDUO 2012"},"content":{"rendered":"<p>&nbsp;&nbsp;&nbsp;&nbsp;&nbsp;&nbsp;&nbsp;&nbsp;&nbsp; La 13&egrave;me &eacute;dition de l&#39;En&#39;duo du Limousin fut une nouvelle fois couronn&eacute;e de succ&egrave;s, avec cette ann&eacute;e la participation exceptionnelle du beau temps ! A l&#39;issue de cette course d&#39;Enduro extr&ecirc;me, Moto-Station est all&eacute; &agrave; la rencontre des vainqueurs 2011, Greg Eyries et Pierre Pallut, deux habitu&eacute;s de l&#39;&eacute;preuve qui s&#39;imposent une nouvelle fois.<\/p>\r\n<p>&nbsp;&nbsp;&nbsp;&nbsp;&nbsp;&nbsp;&nbsp;&nbsp;&nbsp;&nbsp;L&#39;En&#39;duo du Limousin, c&#39;est une boucle de 80 km, compos&eacute;e en grande partie de franchissements naturels que la plupart des gens ne songerait m&ecirc;me pas passer avec une moto d&#39;Enduro. Cette course unique en son genre ne peut donc &ecirc;tre remport&eacute;e que par des pilotes hors du commun. L&agrave; o&ugrave; certains pilotes de classe mondiale se sont cass&eacute; le nez, l&#39;&eacute;quipage form&eacute; par Gregory Eyries et Pierre Pallut a une fois de plus fait &eacute;tal de tout son talent en rel&eacute;guant ses poursuivants &agrave; plus de 25 minutes ! Voici leur r&eacute;action &agrave; chaud, quelques m&egrave;tres apr&egrave;s leur seconde victoire commune.<\/p>\r\n<p>Pour lire l&#39;interview, cliquez <a href=\"http:\/\/www.moto-station.com\/article12442-en-duo-du-limousin-2011-greg-eyries-et-pierre-pallut-en-france-c-est-la-course-extreme.html\">ici.<\/a><\/p>\r\n<p><a href=\"http:\/\/www.auvergne-enduro.fr\/wp-content\/uploads\/2011\/10\/001B-NA.jpg\"><img alt=\"Sp\u00e9ciale de s\u00e9lection\" class=\"aligncenter size-large wp-image-291\" height=\"1024\" src=\"http:\/\/www.auvergne-enduro.fr\/wp-content\/uploads\/2011\/10\/001B-NA-680x1024.jpg\" style=\"width: 556px; height: 854px\" title=\"Enduo 2012\" width=\"680\" \/><\/a><\/p>\r\n","protected":false},"excerpt":{"rendered":"<p>&nbsp;&nbsp;&nbsp;&nbsp;&nbsp;&nbsp;&nbsp;&nbsp;&nbsp; La 13&egrave;me &eacute;dition de l&#39;En&#39;duo du Limousin fut une nouvelle fois couronn&eacute;e de succ&egrave;s, avec cette ann&eacute;e la participation exceptionnelle du beau temps ! A l&#39;issue de cette course d&#39;Enduro extr&ecirc;me, Moto-Station est all&eacute; &agrave; la rencontre des vainqueurs 2011, Greg Eyries et Pierre Pallut, deux habitu&eacute;s de l&#39;&eacute;preuve qui s&#39;imposent une nouvelle fois. &hellip;<\/p>\n<p class=\"read-more\"> <a class=\"\" href=\"http:\/\/www.auvergne-enduro.fr\/?p=290\"> <span class=\"screen-reader-text\">VICTOIRE A L&rsquo;ENDUO 2012<\/span> Lire la suite\u00a0\u00bb<\/a><\/p>\n","protected":false},"author":1,"featured_media":0,"comment_status":"closed","ping_status":"closed","sticky":false,"template":"","format":"standard","meta":[],"categories":[6],"tags":[19,11],"yoast_head":"<!-- This site is optimized with the Yoast SEO plugin v14.9 - https:\/\/yoast.com\/wordpress\/plugins\/seo\/ -->\n<title>VICTOIRE A L&#039;ENDUO 2012 - Auvergne Enduro - Stages et randonn\u00e9es moto<\/title>\n<meta name=\"description\" content=\"Stages et randonn\u00e9es enduro. Venez d\u00e9couvrir l&#039;Auvergne \u00e0 moto. Encadr\u00e9 par Pierre Pallut, brevet\u00e9 d&#039;\u00c9tat, sp\u00e9cialiste de la comp\u00e9tition.\" \/>\n<meta name=\"robots\" content=\"index, follow, max-snippet:-1, max-image-preview:large, max-video-preview:-1\" \/>\n<link rel=\"canonical\" href=\"http:\/\/www.auvergne-enduro.fr\/?p=290\" \/>\n<meta property=\"og:locale\" content=\"fr_FR\" \/>\n<meta property=\"og:type\" content=\"article\" \/>\n<meta property=\"og:title\" content=\"VICTOIRE A L&#039;ENDUO 2012 - Auvergne Enduro - Stages et randonn\u00e9es moto\" \/>\n<meta property=\"og:description\" content=\"Stages et randonn\u00e9es enduro. Venez d\u00e9couvrir l&#039;Auvergne \u00e0 moto. Encadr\u00e9 par Pierre Pallut, brevet\u00e9 d&#039;\u00c9tat, sp\u00e9cialiste de la comp\u00e9tition.\" \/>\n<meta property=\"og:url\" content=\"http:\/\/www.auvergne-enduro.fr\/?p=290\" \/>\n<meta property=\"og:site_name\" content=\"Auvergne Enduro - Stages et randonn\u00e9es moto\" \/>\n<meta property=\"article:publisher\" content=\"https:\/\/www.facebook.com\/auvergne.enduro\" \/>\n<meta property=\"article:published_time\" content=\"2011-10-21T12:19:46+00:00\" \/>\n<meta property=\"article:modified_time\" content=\"2011-11-14T17:12:20+00:00\" \/>\n<meta property=\"og:image\" content=\"http:\/\/www.auvergne-enduro.fr\/wp-content\/uploads\/2011\/10\/001B-NA-680x1024.jpg\" \/>\n<meta name=\"twitter:card\" content=\"summary_large_image\" \/>\n<script type=\"application\/ld+json\" class=\"yoast-schema-graph\">{\"@context\":\"https:\/\/schema.org\",\"@graph\":[{\"@type\":\"Organization\",\"@id\":\"http:\/\/www.auvergne-enduro.fr\/#organization\",\"name\":\"Auvergne Enduro\",\"url\":\"http:\/\/www.auvergne-enduro.fr\/\",\"sameAs\":[\"https:\/\/www.facebook.com\/auvergne.enduro\",\"https:\/\/www.instagram.com\/pierrepallut\/\"],\"logo\":{\"@type\":\"ImageObject\",\"@id\":\"http:\/\/www.auvergne-enduro.fr\/#logo\",\"inLanguage\":\"fr-FR\",\"url\":\"http:\/\/www.auvergne-enduro.fr\/wp-content\/uploads\/2016\/01\/logo_admin.png\",\"width\":323,\"height\":67,\"caption\":\"Auvergne Enduro\"},\"image\":{\"@id\":\"http:\/\/www.auvergne-enduro.fr\/#logo\"}},{\"@type\":\"WebSite\",\"@id\":\"http:\/\/www.auvergne-enduro.fr\/#website\",\"url\":\"http:\/\/www.auvergne-enduro.fr\/\",\"name\":\"Auvergne Enduro - Stages et randonn\\u00e9es moto\",\"description\":\"Stages et randonn\\u00e9es moto\",\"publisher\":{\"@id\":\"http:\/\/www.auvergne-enduro.fr\/#organization\"},\"potentialAction\":[{\"@type\":\"SearchAction\",\"target\":\"http:\/\/www.auvergne-enduro.fr\/?s={search_term_string}\",\"query-input\":\"required name=search_term_string\"}],\"inLanguage\":\"fr-FR\"},{\"@type\":\"ImageObject\",\"@id\":\"http:\/\/www.auvergne-enduro.fr\/?p=290#primaryimage\",\"inLanguage\":\"fr-FR\",\"url\":\"http:\/\/www.auvergne-enduro.fr\/wp-content\/uploads\/2011\/10\/001B-NA.jpg\",\"width\":\"2136\",\"height\":\"3216\",\"caption\":\"Sp\\u00e9ciale de s\\u00e9lection\"},{\"@type\":\"WebPage\",\"@id\":\"http:\/\/www.auvergne-enduro.fr\/?p=290#webpage\",\"url\":\"http:\/\/www.auvergne-enduro.fr\/?p=290\",\"name\":\"VICTOIRE A L'ENDUO 2012 - Auvergne Enduro - Stages et randonn\\u00e9es moto\",\"isPartOf\":{\"@id\":\"http:\/\/www.auvergne-enduro.fr\/#website\"},\"primaryImageOfPage\":{\"@id\":\"http:\/\/www.auvergne-enduro.fr\/?p=290#primaryimage\"},\"datePublished\":\"2011-10-21T12:19:46+00:00\",\"dateModified\":\"2011-11-14T17:12:20+00:00\",\"description\":\"Stages et randonn\\u00e9es enduro. Venez d\\u00e9couvrir l'Auvergne \\u00e0 moto. Encadr\\u00e9 par Pierre Pallut, brevet\\u00e9 d'\\u00c9tat, sp\\u00e9cialiste de la comp\\u00e9tition.\",\"inLanguage\":\"fr-FR\",\"potentialAction\":[{\"@type\":\"ReadAction\",\"target\":[\"http:\/\/www.auvergne-enduro.fr\/?p=290\"]}]},{\"@type\":\"Article\",\"@id\":\"http:\/\/www.auvergne-enduro.fr\/?p=290#article\",\"isPartOf\":{\"@id\":\"http:\/\/www.auvergne-enduro.fr\/?p=290#webpage\"},\"author\":{\"@id\":\"http:\/\/www.auvergne-enduro.fr\/#\/schema\/person\/7370568342023ad9b96c74904129fdc8\"},\"headline\":\"VICTOIRE A L&rsquo;ENDUO 2012\",\"datePublished\":\"2011-10-21T12:19:46+00:00\",\"dateModified\":\"2011-11-14T17:12:20+00:00\",\"mainEntityOfPage\":{\"@id\":\"http:\/\/www.auvergne-enduro.fr\/?p=290#webpage\"},\"publisher\":{\"@id\":\"http:\/\/www.auvergne-enduro.fr\/#organization\"},\"image\":{\"@id\":\"http:\/\/www.auvergne-enduro.fr\/?p=290#primaryimage\"},\"keywords\":\"randonn\\u00e9e enduro,stage enduro\",\"articleSection\":\"News\",\"inLanguage\":\"fr-FR\"},{\"@type\":\"Person\",\"@id\":\"http:\/\/www.auvergne-enduro.fr\/#\/schema\/person\/7370568342023ad9b96c74904129fdc8\",\"name\":\"admin\",\"image\":{\"@type\":\"ImageObject\",\"@id\":\"http:\/\/www.auvergne-enduro.fr\/#personlogo\",\"inLanguage\":\"fr-FR\",\"url\":\"http:\/\/0.gravatar.com\/avatar\/9d4c645c38aed819bd8b486d4971efdf?s=96&d=mm&r=g\",\"caption\":\"admin\"}}]}<\/script>\n<!-- \/ Yoast SEO plugin. -->","_links":{"self":[{"href":"http:\/\/www.auvergne-enduro.fr\/index.php?rest_route=\/wp\/v2\/posts\/290"}],"collection":[{"href":"http:\/\/www.auvergne-enduro.fr\/index.php?rest_route=\/wp\/v2\/posts"}],"about":[{"href":"http:\/\/www.auvergne-enduro.fr\/index.php?rest_route=\/wp\/v2\/types\/post"}],"author":[{"embeddable":true,"href":"http:\/\/www.auvergne-enduro.fr\/index.php?rest_route=\/wp\/v2\/users\/1"}],"replies":[{"embeddable":true,"href":"http:\/\/www.auvergne-enduro.fr\/index.php?rest_route=%2Fwp%2Fv2%2Fcomments&post=290"}],"version-history":[{"count":6,"href":"http:\/\/www.auvergne-enduro.fr\/index.php?rest_route=\/wp\/v2\/posts\/290\/revisions"}],"predecessor-version":[{"id":344,"href":"http:\/\/www.auvergne-enduro.fr\/index.php?rest_route=\/wp\/v2\/posts\/290\/revisions\/344"}],"wp:attachment":[{"href":"http:\/\/www.auvergne-enduro.fr\/index.php?rest_route=%2Fwp%2Fv2%2Fmedia&parent=290"}],"wp:term":[{"taxonomy":"category","embeddable":true,"href":"http:\/\/www.auvergne-enduro.fr\/index.php?rest_route=%2Fwp%2Fv2%2Fcategories&post=290"},{"taxonomy":"post_tag","embeddable":true,"href":"http:\/\/www.auvergne-enduro.fr\/index.php?rest_route=%2Fwp%2Fv2%2Ftags&post=290"}],"curies":[{"name":"wp","href":"https:\/\/api.w.org\/{rel}","templated":true}]}}