{"id":337,"date":"2011-11-09T11:22:29","date_gmt":"2011-11-09T11:22:29","guid":{"rendered":"http:\/\/www.auvergne-enduro.fr\/?p=337"},"modified":"2011-11-14T17:11:41","modified_gmt":"2011-11-14T17:11:41","slug":"bon-cadeau","status":"publish","type":"post","link":"http:\/\/www.auvergne-enduro.fr\/?p=337","title":{"rendered":"Bon cadeau"},"content":{"rendered":"<p>Pour un anniversaire, No&euml;l ou tout autre &eacute;v&egrave;nement, vous d&eacute;sirez faire plaisir &agrave; l&#39;un de vos proches en lui offrant un s&eacute;jour moto.<\/p>\r\n<p>N&#39;h&eacute;sitez pas &agrave; nous contacter pour recevoir un <em>Bon Cadeau<\/em> <strong>Auvergne Enduro<\/strong>: stage de perfectionnement enduro, randonn&eacute;e enduro ou encore un mix stage\/rando sur un ou plusieurs jours, c&#39;est vous qui choisissez.<\/p>\r\n<p><a href=\"http:\/\/www.auvergne-enduro.fr\/wp-content\/uploads\/2011\/11\/exemple-bon-cadeau.jpg\"><img alt=\"\" class=\"aligncenter size-large wp-image-340\" src=\"http:\/\/www.auvergne-enduro.fr\/wp-content\/uploads\/2011\/11\/exemple-bon-cadeau-1024x699.jpg\" style=\"width: 582px; height: 397px;\" title=\"exemple de Bon Cadeau\" \/><\/a><\/p>\r\n","protected":false},"excerpt":{"rendered":"<p>Pour un anniversaire, No&euml;l ou tout autre &eacute;v&egrave;nement, vous d&eacute;sirez faire plaisir &agrave; l&#39;un de vos proches en lui offrant un s&eacute;jour moto. N&#39;h&eacute;sitez pas &agrave; nous contacter pour recevoir un Bon Cadeau Auvergne Enduro: stage de perfectionnement enduro, randonn&eacute;e enduro ou encore un mix stage\/rando sur un ou plusieurs jours, c&#39;est vous qui choisissez.<\/p>\n","protected":false},"author":1,"featured_media":0,"comment_status":"closed","ping_status":"closed","sticky":false,"template":"","format":"standard","meta":[],"categories":[6],"tags":[19,11],"yoast_head":"<!-- This site is optimized with the Yoast SEO plugin v14.9 - https:\/\/yoast.com\/wordpress\/plugins\/seo\/ -->\n<title>Bon cadeau - Auvergne Enduro - Stages et randonn\u00e9es moto<\/title>\n<meta name=\"description\" content=\"Stages et randonn\u00e9es enduro. Venez d\u00e9couvrir l&#039;Auvergne \u00e0 moto. Encadr\u00e9 par Pierre Pallut, brevet\u00e9 d&#039;\u00c9tat, sp\u00e9cialiste de la comp\u00e9tition.\" \/>\n<meta name=\"robots\" content=\"index, follow, max-snippet:-1, max-image-preview:large, max-video-preview:-1\" \/>\n<link rel=\"canonical\" href=\"http:\/\/www.auvergne-enduro.fr\/?p=337\" \/>\n<meta property=\"og:locale\" content=\"fr_FR\" \/>\n<meta property=\"og:type\" content=\"article\" \/>\n<meta property=\"og:title\" content=\"Bon cadeau - Auvergne Enduro - Stages et randonn\u00e9es moto\" \/>\n<meta property=\"og:description\" content=\"Stages et randonn\u00e9es enduro. Venez d\u00e9couvrir l&#039;Auvergne \u00e0 moto. Encadr\u00e9 par Pierre Pallut, brevet\u00e9 d&#039;\u00c9tat, sp\u00e9cialiste de la comp\u00e9tition.\" \/>\n<meta property=\"og:url\" content=\"http:\/\/www.auvergne-enduro.fr\/?p=337\" \/>\n<meta property=\"og:site_name\" content=\"Auvergne Enduro - Stages et randonn\u00e9es moto\" \/>\n<meta property=\"article:publisher\" content=\"https:\/\/www.facebook.com\/auvergne.enduro\" \/>\n<meta property=\"article:published_time\" content=\"2011-11-09T11:22:29+00:00\" \/>\n<meta property=\"article:modified_time\" content=\"2011-11-14T17:11:41+00:00\" \/>\n<meta property=\"og:image\" content=\"http:\/\/www.auvergne-enduro.fr\/wp-content\/uploads\/2011\/11\/exemple-bon-cadeau-1024x699.jpg\" \/>\n<meta name=\"twitter:card\" content=\"summary_large_image\" \/>\n<script type=\"application\/ld+json\" class=\"yoast-schema-graph\">{\"@context\":\"https:\/\/schema.org\",\"@graph\":[{\"@type\":\"Organization\",\"@id\":\"http:\/\/www.auvergne-enduro.fr\/#organization\",\"name\":\"Auvergne Enduro\",\"url\":\"http:\/\/www.auvergne-enduro.fr\/\",\"sameAs\":[\"https:\/\/www.facebook.com\/auvergne.enduro\",\"https:\/\/www.instagram.com\/pierrepallut\/\"],\"logo\":{\"@type\":\"ImageObject\",\"@id\":\"http:\/\/www.auvergne-enduro.fr\/#logo\",\"inLanguage\":\"fr-FR\",\"url\":\"http:\/\/www.auvergne-enduro.fr\/wp-content\/uploads\/2016\/01\/logo_admin.png\",\"width\":323,\"height\":67,\"caption\":\"Auvergne Enduro\"},\"image\":{\"@id\":\"http:\/\/www.auvergne-enduro.fr\/#logo\"}},{\"@type\":\"WebSite\",\"@id\":\"http:\/\/www.auvergne-enduro.fr\/#website\",\"url\":\"http:\/\/www.auvergne-enduro.fr\/\",\"name\":\"Auvergne Enduro - Stages et randonn\\u00e9es moto\",\"description\":\"Stages et randonn\\u00e9es moto\",\"publisher\":{\"@id\":\"http:\/\/www.auvergne-enduro.fr\/#organization\"},\"potentialAction\":[{\"@type\":\"SearchAction\",\"target\":\"http:\/\/www.auvergne-enduro.fr\/?s={search_term_string}\",\"query-input\":\"required name=search_term_string\"}],\"inLanguage\":\"fr-FR\"},{\"@type\":\"ImageObject\",\"@id\":\"http:\/\/www.auvergne-enduro.fr\/?p=337#primaryimage\",\"inLanguage\":\"fr-FR\",\"url\":\"http:\/\/www.auvergne-enduro.fr\/wp-content\/uploads\/2011\/11\/exemple-bon-cadeau.jpg\",\"width\":\"2421\",\"height\":\"1654\"},{\"@type\":\"WebPage\",\"@id\":\"http:\/\/www.auvergne-enduro.fr\/?p=337#webpage\",\"url\":\"http:\/\/www.auvergne-enduro.fr\/?p=337\",\"name\":\"Bon cadeau - Auvergne Enduro - Stages et randonn\\u00e9es moto\",\"isPartOf\":{\"@id\":\"http:\/\/www.auvergne-enduro.fr\/#website\"},\"primaryImageOfPage\":{\"@id\":\"http:\/\/www.auvergne-enduro.fr\/?p=337#primaryimage\"},\"datePublished\":\"2011-11-09T11:22:29+00:00\",\"dateModified\":\"2011-11-14T17:11:41+00:00\",\"description\":\"Stages et randonn\\u00e9es enduro. Venez d\\u00e9couvrir l'Auvergne \\u00e0 moto. Encadr\\u00e9 par Pierre Pallut, brevet\\u00e9 d'\\u00c9tat, sp\\u00e9cialiste de la comp\\u00e9tition.\",\"inLanguage\":\"fr-FR\",\"potentialAction\":[{\"@type\":\"ReadAction\",\"target\":[\"http:\/\/www.auvergne-enduro.fr\/?p=337\"]}]},{\"@type\":\"Article\",\"@id\":\"http:\/\/www.auvergne-enduro.fr\/?p=337#article\",\"isPartOf\":{\"@id\":\"http:\/\/www.auvergne-enduro.fr\/?p=337#webpage\"},\"author\":{\"@id\":\"http:\/\/www.auvergne-enduro.fr\/#\/schema\/person\/7370568342023ad9b96c74904129fdc8\"},\"headline\":\"Bon cadeau\",\"datePublished\":\"2011-11-09T11:22:29+00:00\",\"dateModified\":\"2011-11-14T17:11:41+00:00\",\"mainEntityOfPage\":{\"@id\":\"http:\/\/www.auvergne-enduro.fr\/?p=337#webpage\"},\"publisher\":{\"@id\":\"http:\/\/www.auvergne-enduro.fr\/#organization\"},\"image\":{\"@id\":\"http:\/\/www.auvergne-enduro.fr\/?p=337#primaryimage\"},\"keywords\":\"randonn\\u00e9e enduro,stage enduro\",\"articleSection\":\"News\",\"inLanguage\":\"fr-FR\"},{\"@type\":\"Person\",\"@id\":\"http:\/\/www.auvergne-enduro.fr\/#\/schema\/person\/7370568342023ad9b96c74904129fdc8\",\"name\":\"admin\",\"image\":{\"@type\":\"ImageObject\",\"@id\":\"http:\/\/www.auvergne-enduro.fr\/#personlogo\",\"inLanguage\":\"fr-FR\",\"url\":\"http:\/\/0.gravatar.com\/avatar\/9d4c645c38aed819bd8b486d4971efdf?s=96&d=mm&r=g\",\"caption\":\"admin\"}}]}<\/script>\n<!-- \/ Yoast SEO plugin. -->","_links":{"self":[{"href":"http:\/\/www.auvergne-enduro.fr\/index.php?rest_route=\/wp\/v2\/posts\/337"}],"collection":[{"href":"http:\/\/www.auvergne-enduro.fr\/index.php?rest_route=\/wp\/v2\/posts"}],"about":[{"href":"http:\/\/www.auvergne-enduro.fr\/index.php?rest_route=\/wp\/v2\/types\/post"}],"author":[{"embeddable":true,"href":"http:\/\/www.auvergne-enduro.fr\/index.php?rest_route=\/wp\/v2\/users\/1"}],"replies":[{"embeddable":true,"href":"http:\/\/www.auvergne-enduro.fr\/index.php?rest_route=%2Fwp%2Fv2%2Fcomments&post=337"}],"version-history":[{"count":4,"href":"http:\/\/www.auvergne-enduro.fr\/index.php?rest_route=\/wp\/v2\/posts\/337\/revisions"}],"predecessor-version":[{"id":343,"href":"http:\/\/www.auvergne-enduro.fr\/index.php?rest_route=\/wp\/v2\/posts\/337\/revisions\/343"}],"wp:attachment":[{"href":"http:\/\/www.auvergne-enduro.fr\/index.php?rest_route=%2Fwp%2Fv2%2Fmedia&parent=337"}],"wp:term":[{"taxonomy":"category","embeddable":true,"href":"http:\/\/www.auvergne-enduro.fr\/index.php?rest_route=%2Fwp%2Fv2%2Fcategories&post=337"},{"taxonomy":"post_tag","embeddable":true,"href":"http:\/\/www.auvergne-enduro.fr\/index.php?rest_route=%2Fwp%2Fv2%2Ftags&post=337"}],"curies":[{"name":"wp","href":"https:\/\/api.w.org\/{rel}","templated":true}]}}