{"id":385,"date":"2011-12-07T14:45:45","date_gmt":"2011-12-07T14:45:45","guid":{"rendered":"http:\/\/www.auvergne-enduro.fr\/?p=385"},"modified":"2012-02-20T14:14:09","modified_gmt":"2012-02-20T14:14:09","slug":"auvergne-enduro-sur-mv-com","status":"publish","type":"post","link":"http:\/\/www.auvergne-enduro.fr\/?p=385","title":{"rendered":"Auvergne Enduro sur MV.com"},"content":{"rendered":"<h6 class=\"uiStreamMessage\" data-ft=\"{&quot;type&quot;:1}\"><span style=\"font-size:12px;\"><span class=\"messageBody\" data-ft=\"{&quot;type&quot;:3}\">Auvergne Enduro en photo sur MV.com pour illustrer l&#39;article <a href=\"http:\/\/www.motoverte.com\/site\/la-circulaire-olin-amendee--63370.html\">&quot;la circulaire Olin amend&eacute;e&quot;.<\/a><br \/>\r\n\tPour d&eacute;couvrir plus de clich&eacute;s de cette magnifique randonn&eacute;e, rendez vous bient&ocirc;t en kiosque sur Motoverte...<\/span><\/span><\/h6>\r\n<p><a href=\"http:\/\/www.auvergne-enduro.fr\/wp-content\/uploads\/2011\/12\/rando-puy-de-la-tache.jpg\"><img alt=\"Randonn\u00e9e enduro au pied du Puy de la Tache\" class=\"aligncenter size-medium wp-image-386\" src=\"http:\/\/www.auvergne-enduro.fr\/wp-content\/uploads\/2011\/12\/rando-puy-de-la-tache-300x200.jpg\" style=\"width: 340px; height: 226px;\" title=\"randonn\u00e9e enduro au coeur de l'Auvergne\" \/><\/a><\/p>\r\n","protected":false},"excerpt":{"rendered":"<p>Auvergne Enduro en photo sur MV.com pour illustrer l&#39;article &quot;la circulaire Olin amend&eacute;e&quot;. Pour d&eacute;couvrir plus de clich&eacute;s de cette magnifique randonn&eacute;e, rendez vous bient&ocirc;t en kiosque sur Motoverte&#8230;<\/p>\n","protected":false},"author":1,"featured_media":0,"comment_status":"closed","ping_status":"closed","sticky":false,"template":"","format":"standard","meta":[],"categories":[6],"tags":[19,11],"yoast_head":"<!-- This site is optimized with the Yoast SEO plugin v14.9 - https:\/\/yoast.com\/wordpress\/plugins\/seo\/ -->\n<title>Auvergne Enduro sur MV.com - Auvergne Enduro - Stages et randonn\u00e9es moto<\/title>\n<meta name=\"description\" content=\"Stages et randonn\u00e9es enduro. Venez d\u00e9couvrir l&#039;Auvergne \u00e0 moto. Encadr\u00e9 par Pierre Pallut, brevet\u00e9 d&#039;\u00c9tat, sp\u00e9cialiste de la comp\u00e9tition.\" \/>\n<meta name=\"robots\" content=\"index, follow, max-snippet:-1, max-image-preview:large, max-video-preview:-1\" \/>\n<link rel=\"canonical\" href=\"https:\/\/www.auvergne-enduro.fr\/?p=385\" \/>\n<meta property=\"og:locale\" content=\"fr_FR\" \/>\n<meta property=\"og:type\" content=\"article\" \/>\n<meta property=\"og:title\" content=\"Auvergne Enduro sur MV.com - Auvergne Enduro - Stages et randonn\u00e9es moto\" \/>\n<meta property=\"og:description\" content=\"Stages et randonn\u00e9es enduro. Venez d\u00e9couvrir l&#039;Auvergne \u00e0 moto. Encadr\u00e9 par Pierre Pallut, brevet\u00e9 d&#039;\u00c9tat, sp\u00e9cialiste de la comp\u00e9tition.\" \/>\n<meta property=\"og:url\" content=\"https:\/\/www.auvergne-enduro.fr\/?p=385\" \/>\n<meta property=\"og:site_name\" content=\"Auvergne Enduro - Stages et randonn\u00e9es moto\" \/>\n<meta property=\"article:publisher\" content=\"https:\/\/www.facebook.com\/auvergne.enduro\" \/>\n<meta property=\"article:published_time\" content=\"2011-12-07T14:45:45+00:00\" \/>\n<meta property=\"article:modified_time\" content=\"2012-02-20T14:14:09+00:00\" \/>\n<meta property=\"og:image\" content=\"http:\/\/www.auvergne-enduro.fr\/wp-content\/uploads\/2011\/12\/rando-puy-de-la-tache-300x200.jpg\" \/>\n<meta name=\"twitter:card\" content=\"summary_large_image\" \/>\n<script type=\"application\/ld+json\" class=\"yoast-schema-graph\">{\"@context\":\"https:\/\/schema.org\",\"@graph\":[{\"@type\":\"Organization\",\"@id\":\"http:\/\/www.auvergne-enduro.fr\/#organization\",\"name\":\"Auvergne Enduro\",\"url\":\"http:\/\/www.auvergne-enduro.fr\/\",\"sameAs\":[\"https:\/\/www.facebook.com\/auvergne.enduro\",\"https:\/\/www.instagram.com\/pierrepallut\/\"],\"logo\":{\"@type\":\"ImageObject\",\"@id\":\"http:\/\/www.auvergne-enduro.fr\/#logo\",\"inLanguage\":\"fr-FR\",\"url\":\"http:\/\/www.auvergne-enduro.fr\/wp-content\/uploads\/2016\/01\/logo_admin.png\",\"width\":323,\"height\":67,\"caption\":\"Auvergne Enduro\"},\"image\":{\"@id\":\"http:\/\/www.auvergne-enduro.fr\/#logo\"}},{\"@type\":\"WebSite\",\"@id\":\"http:\/\/www.auvergne-enduro.fr\/#website\",\"url\":\"http:\/\/www.auvergne-enduro.fr\/\",\"name\":\"Auvergne Enduro - Stages et randonn\\u00e9es moto\",\"description\":\"Stages et randonn\\u00e9es moto\",\"publisher\":{\"@id\":\"http:\/\/www.auvergne-enduro.fr\/#organization\"},\"potentialAction\":[{\"@type\":\"SearchAction\",\"target\":\"http:\/\/www.auvergne-enduro.fr\/?s={search_term_string}\",\"query-input\":\"required name=search_term_string\"}],\"inLanguage\":\"fr-FR\"},{\"@type\":\"ImageObject\",\"@id\":\"https:\/\/www.auvergne-enduro.fr\/?p=385#primaryimage\",\"inLanguage\":\"fr-FR\",\"url\":\"http:\/\/www.auvergne-enduro.fr\/wp-content\/uploads\/2011\/12\/rando-puy-de-la-tache-300x200.jpg\"},{\"@type\":\"WebPage\",\"@id\":\"https:\/\/www.auvergne-enduro.fr\/?p=385#webpage\",\"url\":\"https:\/\/www.auvergne-enduro.fr\/?p=385\",\"name\":\"Auvergne Enduro sur MV.com - Auvergne Enduro - Stages et randonn\\u00e9es moto\",\"isPartOf\":{\"@id\":\"http:\/\/www.auvergne-enduro.fr\/#website\"},\"primaryImageOfPage\":{\"@id\":\"https:\/\/www.auvergne-enduro.fr\/?p=385#primaryimage\"},\"datePublished\":\"2011-12-07T14:45:45+00:00\",\"dateModified\":\"2012-02-20T14:14:09+00:00\",\"description\":\"Stages et randonn\\u00e9es enduro. Venez d\\u00e9couvrir l'Auvergne \\u00e0 moto. Encadr\\u00e9 par Pierre Pallut, brevet\\u00e9 d'\\u00c9tat, sp\\u00e9cialiste de la comp\\u00e9tition.\",\"inLanguage\":\"fr-FR\",\"potentialAction\":[{\"@type\":\"ReadAction\",\"target\":[\"https:\/\/www.auvergne-enduro.fr\/?p=385\"]}]},{\"@type\":\"Article\",\"@id\":\"https:\/\/www.auvergne-enduro.fr\/?p=385#article\",\"isPartOf\":{\"@id\":\"https:\/\/www.auvergne-enduro.fr\/?p=385#webpage\"},\"author\":{\"@id\":\"http:\/\/www.auvergne-enduro.fr\/#\/schema\/person\/7370568342023ad9b96c74904129fdc8\"},\"headline\":\"Auvergne Enduro sur MV.com\",\"datePublished\":\"2011-12-07T14:45:45+00:00\",\"dateModified\":\"2012-02-20T14:14:09+00:00\",\"mainEntityOfPage\":{\"@id\":\"https:\/\/www.auvergne-enduro.fr\/?p=385#webpage\"},\"publisher\":{\"@id\":\"http:\/\/www.auvergne-enduro.fr\/#organization\"},\"image\":{\"@id\":\"https:\/\/www.auvergne-enduro.fr\/?p=385#primaryimage\"},\"keywords\":\"randonn\\u00e9e enduro,stage enduro\",\"articleSection\":\"News\",\"inLanguage\":\"fr-FR\"},{\"@type\":\"Person\",\"@id\":\"http:\/\/www.auvergne-enduro.fr\/#\/schema\/person\/7370568342023ad9b96c74904129fdc8\",\"name\":\"admin\",\"image\":{\"@type\":\"ImageObject\",\"@id\":\"http:\/\/www.auvergne-enduro.fr\/#personlogo\",\"inLanguage\":\"fr-FR\",\"url\":\"http:\/\/0.gravatar.com\/avatar\/9d4c645c38aed819bd8b486d4971efdf?s=96&d=mm&r=g\",\"caption\":\"admin\"}}]}<\/script>\n<!-- \/ Yoast SEO plugin. -->","_links":{"self":[{"href":"http:\/\/www.auvergne-enduro.fr\/index.php?rest_route=\/wp\/v2\/posts\/385"}],"collection":[{"href":"http:\/\/www.auvergne-enduro.fr\/index.php?rest_route=\/wp\/v2\/posts"}],"about":[{"href":"http:\/\/www.auvergne-enduro.fr\/index.php?rest_route=\/wp\/v2\/types\/post"}],"author":[{"embeddable":true,"href":"http:\/\/www.auvergne-enduro.fr\/index.php?rest_route=\/wp\/v2\/users\/1"}],"replies":[{"embeddable":true,"href":"http:\/\/www.auvergne-enduro.fr\/index.php?rest_route=%2Fwp%2Fv2%2Fcomments&post=385"}],"version-history":[{"count":5,"href":"http:\/\/www.auvergne-enduro.fr\/index.php?rest_route=\/wp\/v2\/posts\/385\/revisions"}],"predecessor-version":[{"id":417,"href":"http:\/\/www.auvergne-enduro.fr\/index.php?rest_route=\/wp\/v2\/posts\/385\/revisions\/417"}],"wp:attachment":[{"href":"http:\/\/www.auvergne-enduro.fr\/index.php?rest_route=%2Fwp%2Fv2%2Fmedia&parent=385"}],"wp:term":[{"taxonomy":"category","embeddable":true,"href":"http:\/\/www.auvergne-enduro.fr\/index.php?rest_route=%2Fwp%2Fv2%2Fcategories&post=385"},{"taxonomy":"post_tag","embeddable":true,"href":"http:\/\/www.auvergne-enduro.fr\/index.php?rest_route=%2Fwp%2Fv2%2Ftags&post=385"}],"curies":[{"name":"wp","href":"https:\/\/api.w.org\/{rel}","templated":true}]}}