{"id":393,"date":"2011-12-15T14:36:15","date_gmt":"2011-12-15T14:36:15","guid":{"rendered":"http:\/\/www.auvergne-enduro.fr\/?p=393"},"modified":"2012-02-20T14:12:52","modified_gmt":"2012-02-20T14:12:52","slug":"article-sur-auvergne-enduro-dans-moto-verte","status":"publish","type":"post","link":"http:\/\/www.auvergne-enduro.fr\/?p=393","title":{"rendered":"Article sur Auvergne-Enduro dans Moto Verte"},"content":{"rendered":"<p>Venez d&eacute;couvrir dans le dernier Moto Verte l&#39;une des plus belle randonn&eacute;e enduro de France propos&eacute;e par Auvergne Enduro.<\/p>\r\n<p>Au programme le tour du massif du Sancy, avec des paysages et panoramas &agrave; couper le souffle.<\/p>\r\n<p>Possibilit&eacute; de compl&eacute;ter cette journ&eacute;e magnifique par une autre journ&eacute;e <a href=\"http:\/\/www.auvergne-enduro.fr\/?page_id=8\">stage enduro<\/a> ou une autre <a href=\"www.auvergne-enduro.fr\/?page_id=4\">randonn&eacute;e enduro<\/a> pour un weekend 100% moto en Auvergne.<\/p>\r\n<p>N&#39;h&eacute;sitez pas &agrave; nous <a href=\"www.auvergne-enduro.fr\/?page_id=15\">contacter pour plus d&#39;information.<\/a><\/p>\r\n<p>Pour voir plus de beaux clich&eacute;s de cette randonn&eacute;e, consultez notre <a href=\"http:\/\/www.auvergne-enduro.fr\/?page_id=13\">galerie photos.<\/a><\/p>\r\n<p>Pour voir l&#39;article scann&eacute; dans son int&eacute;gralit&eacute;, rendez vous sur notre <a href=\"http:\/\/www.facebook.com\/pages\/Auvergne-Enduro\/171812009576447\">page Facebook.<\/a><\/p>\r\n<p><a href=\"http:\/\/www.auvergne-enduro.fr\/wp-content\/uploads\/2011\/12\/Mv-janvier-1et2.jpg\"><img alt=\"\" class=\"aligncenter size-medium wp-image-394\" src=\"http:\/\/www.auvergne-enduro.fr\/wp-content\/uploads\/2011\/12\/Mv-janvier-1et2-300x212.jpg\" style=\"width: 450px; height: 317px;\" title=\"Article randonn\u00e9e enduro autour du Sancy dans Moto Verte\" \/><\/a><\/p>\r\n","protected":false},"excerpt":{"rendered":"<p>Venez d&eacute;couvrir dans le dernier Moto Verte l&#39;une des plus belle randonn&eacute;e enduro de France propos&eacute;e par Auvergne Enduro. Au programme le tour du massif du Sancy, avec des paysages et panoramas &agrave; couper le souffle. Possibilit&eacute; de compl&eacute;ter cette journ&eacute;e magnifique par une autre journ&eacute;e stage enduro ou une autre randonn&eacute;e enduro pour un &hellip;<\/p>\n<p class=\"read-more\"> <a class=\"\" href=\"http:\/\/www.auvergne-enduro.fr\/?p=393\"> <span class=\"screen-reader-text\">Article sur Auvergne-Enduro dans Moto Verte<\/span> Lire la suite\u00a0\u00bb<\/a><\/p>\n","protected":false},"author":1,"featured_media":0,"comment_status":"closed","ping_status":"closed","sticky":false,"template":"","format":"standard","meta":[],"categories":[6],"tags":[19,11],"yoast_head":"<!-- This site is optimized with the Yoast SEO plugin v14.9 - https:\/\/yoast.com\/wordpress\/plugins\/seo\/ -->\n<title>Article sur Auvergne-Enduro dans Moto Verte - Auvergne Enduro - Stages et randonn\u00e9es moto<\/title>\n<meta name=\"description\" content=\"Stages et randonn\u00e9es enduro. Venez d\u00e9couvrir l&#039;Auvergne \u00e0 moto. Encadr\u00e9 par Pierre Pallut, brevet\u00e9 d&#039;\u00c9tat, sp\u00e9cialiste de la comp\u00e9tition.\" \/>\n<meta name=\"robots\" content=\"index, follow, max-snippet:-1, max-image-preview:large, max-video-preview:-1\" \/>\n<link rel=\"canonical\" href=\"http:\/\/www.auvergne-enduro.fr\/?p=393\" \/>\n<meta property=\"og:locale\" content=\"fr_FR\" \/>\n<meta property=\"og:type\" content=\"article\" \/>\n<meta property=\"og:title\" content=\"Article sur Auvergne-Enduro dans Moto Verte - Auvergne Enduro - Stages et randonn\u00e9es moto\" \/>\n<meta property=\"og:description\" content=\"Stages et randonn\u00e9es enduro. Venez d\u00e9couvrir l&#039;Auvergne \u00e0 moto. Encadr\u00e9 par Pierre Pallut, brevet\u00e9 d&#039;\u00c9tat, sp\u00e9cialiste de la comp\u00e9tition.\" \/>\n<meta property=\"og:url\" content=\"http:\/\/www.auvergne-enduro.fr\/?p=393\" \/>\n<meta property=\"og:site_name\" content=\"Auvergne Enduro - Stages et randonn\u00e9es moto\" \/>\n<meta property=\"article:publisher\" content=\"https:\/\/www.facebook.com\/auvergne.enduro\" \/>\n<meta property=\"article:published_time\" content=\"2011-12-15T14:36:15+00:00\" \/>\n<meta property=\"article:modified_time\" content=\"2012-02-20T14:12:52+00:00\" \/>\n<meta property=\"og:image\" content=\"http:\/\/www.auvergne-enduro.fr\/wp-content\/uploads\/2011\/12\/Mv-janvier-1et2-300x212.jpg\" \/>\n<meta name=\"twitter:card\" content=\"summary_large_image\" \/>\n<script type=\"application\/ld+json\" class=\"yoast-schema-graph\">{\"@context\":\"https:\/\/schema.org\",\"@graph\":[{\"@type\":\"Organization\",\"@id\":\"http:\/\/www.auvergne-enduro.fr\/#organization\",\"name\":\"Auvergne Enduro\",\"url\":\"http:\/\/www.auvergne-enduro.fr\/\",\"sameAs\":[\"https:\/\/www.facebook.com\/auvergne.enduro\",\"https:\/\/www.instagram.com\/pierrepallut\/\"],\"logo\":{\"@type\":\"ImageObject\",\"@id\":\"http:\/\/www.auvergne-enduro.fr\/#logo\",\"inLanguage\":\"fr-FR\",\"url\":\"http:\/\/www.auvergne-enduro.fr\/wp-content\/uploads\/2016\/01\/logo_admin.png\",\"width\":323,\"height\":67,\"caption\":\"Auvergne Enduro\"},\"image\":{\"@id\":\"http:\/\/www.auvergne-enduro.fr\/#logo\"}},{\"@type\":\"WebSite\",\"@id\":\"http:\/\/www.auvergne-enduro.fr\/#website\",\"url\":\"http:\/\/www.auvergne-enduro.fr\/\",\"name\":\"Auvergne Enduro - Stages et randonn\\u00e9es moto\",\"description\":\"Stages et randonn\\u00e9es moto\",\"publisher\":{\"@id\":\"http:\/\/www.auvergne-enduro.fr\/#organization\"},\"potentialAction\":[{\"@type\":\"SearchAction\",\"target\":\"http:\/\/www.auvergne-enduro.fr\/?s={search_term_string}\",\"query-input\":\"required name=search_term_string\"}],\"inLanguage\":\"fr-FR\"},{\"@type\":\"ImageObject\",\"@id\":\"http:\/\/www.auvergne-enduro.fr\/?p=393#primaryimage\",\"inLanguage\":\"fr-FR\",\"url\":\"http:\/\/www.auvergne-enduro.fr\/wp-content\/uploads\/2011\/12\/Mv-janvier-1et2-300x212.jpg\"},{\"@type\":\"WebPage\",\"@id\":\"http:\/\/www.auvergne-enduro.fr\/?p=393#webpage\",\"url\":\"http:\/\/www.auvergne-enduro.fr\/?p=393\",\"name\":\"Article sur Auvergne-Enduro dans Moto Verte - Auvergne Enduro - Stages et randonn\\u00e9es moto\",\"isPartOf\":{\"@id\":\"http:\/\/www.auvergne-enduro.fr\/#website\"},\"primaryImageOfPage\":{\"@id\":\"http:\/\/www.auvergne-enduro.fr\/?p=393#primaryimage\"},\"datePublished\":\"2011-12-15T14:36:15+00:00\",\"dateModified\":\"2012-02-20T14:12:52+00:00\",\"description\":\"Stages et randonn\\u00e9es enduro. Venez d\\u00e9couvrir l'Auvergne \\u00e0 moto. Encadr\\u00e9 par Pierre Pallut, brevet\\u00e9 d'\\u00c9tat, sp\\u00e9cialiste de la comp\\u00e9tition.\",\"inLanguage\":\"fr-FR\",\"potentialAction\":[{\"@type\":\"ReadAction\",\"target\":[\"http:\/\/www.auvergne-enduro.fr\/?p=393\"]}]},{\"@type\":\"Article\",\"@id\":\"http:\/\/www.auvergne-enduro.fr\/?p=393#article\",\"isPartOf\":{\"@id\":\"http:\/\/www.auvergne-enduro.fr\/?p=393#webpage\"},\"author\":{\"@id\":\"http:\/\/www.auvergne-enduro.fr\/#\/schema\/person\/7370568342023ad9b96c74904129fdc8\"},\"headline\":\"Article sur Auvergne-Enduro dans Moto Verte\",\"datePublished\":\"2011-12-15T14:36:15+00:00\",\"dateModified\":\"2012-02-20T14:12:52+00:00\",\"mainEntityOfPage\":{\"@id\":\"http:\/\/www.auvergne-enduro.fr\/?p=393#webpage\"},\"publisher\":{\"@id\":\"http:\/\/www.auvergne-enduro.fr\/#organization\"},\"image\":{\"@id\":\"http:\/\/www.auvergne-enduro.fr\/?p=393#primaryimage\"},\"keywords\":\"randonn\\u00e9e enduro,stage enduro\",\"articleSection\":\"News\",\"inLanguage\":\"fr-FR\"},{\"@type\":\"Person\",\"@id\":\"http:\/\/www.auvergne-enduro.fr\/#\/schema\/person\/7370568342023ad9b96c74904129fdc8\",\"name\":\"admin\",\"image\":{\"@type\":\"ImageObject\",\"@id\":\"http:\/\/www.auvergne-enduro.fr\/#personlogo\",\"inLanguage\":\"fr-FR\",\"url\":\"http:\/\/0.gravatar.com\/avatar\/9d4c645c38aed819bd8b486d4971efdf?s=96&d=mm&r=g\",\"caption\":\"admin\"}}]}<\/script>\n<!-- \/ Yoast SEO plugin. -->","_links":{"self":[{"href":"http:\/\/www.auvergne-enduro.fr\/index.php?rest_route=\/wp\/v2\/posts\/393"}],"collection":[{"href":"http:\/\/www.auvergne-enduro.fr\/index.php?rest_route=\/wp\/v2\/posts"}],"about":[{"href":"http:\/\/www.auvergne-enduro.fr\/index.php?rest_route=\/wp\/v2\/types\/post"}],"author":[{"embeddable":true,"href":"http:\/\/www.auvergne-enduro.fr\/index.php?rest_route=\/wp\/v2\/users\/1"}],"replies":[{"embeddable":true,"href":"http:\/\/www.auvergne-enduro.fr\/index.php?rest_route=%2Fwp%2Fv2%2Fcomments&post=393"}],"version-history":[{"count":4,"href":"http:\/\/www.auvergne-enduro.fr\/index.php?rest_route=\/wp\/v2\/posts\/393\/revisions"}],"predecessor-version":[{"id":416,"href":"http:\/\/www.auvergne-enduro.fr\/index.php?rest_route=\/wp\/v2\/posts\/393\/revisions\/416"}],"wp:attachment":[{"href":"http:\/\/www.auvergne-enduro.fr\/index.php?rest_route=%2Fwp%2Fv2%2Fmedia&parent=393"}],"wp:term":[{"taxonomy":"category","embeddable":true,"href":"http:\/\/www.auvergne-enduro.fr\/index.php?rest_route=%2Fwp%2Fv2%2Fcategories&post=393"},{"taxonomy":"post_tag","embeddable":true,"href":"http:\/\/www.auvergne-enduro.fr\/index.php?rest_route=%2Fwp%2Fv2%2Ftags&post=393"}],"curies":[{"name":"wp","href":"https:\/\/api.w.org\/{rel}","templated":true}]}}