{"id":419,"date":"2012-02-29T09:45:02","date_gmt":"2012-02-29T09:45:02","guid":{"rendered":"http:\/\/www.auvergne-enduro.fr\/?p=419"},"modified":"2012-02-29T09:59:24","modified_gmt":"2012-02-29T09:59:24","slug":"julien-gauthier-sous-ses-nouvelles-couleurs","status":"publish","type":"post","link":"http:\/\/www.auvergne-enduro.fr\/?p=419","title":{"rendered":"Julien Gauthier sous ses nouvelles couleurs"},"content":{"rendered":"<p><iframe allowfullscreen=\"\" frameborder=\"0\" height=\"330\" src=\"http:\/\/www.youtube.com\/embed\/qv7XGf9YJNM\" width=\"587\"><\/iframe>N&#39;h&eacute;sitez pas &agrave; s&eacute;lectionner le mode HD 720p pour un meilleur rendu.<\/p>\r\n","protected":false},"excerpt":{"rendered":"<p>N&#39;h&eacute;sitez pas &agrave; s&eacute;lectionner le mode HD 720p pour un meilleur rendu.<\/p>\n","protected":false},"author":1,"featured_media":0,"comment_status":"closed","ping_status":"closed","sticky":false,"template":"","format":"standard","meta":[],"categories":[6],"tags":[7,12,19,11],"yoast_head":"<!-- This site is optimized with the Yoast SEO plugin v14.9 - https:\/\/yoast.com\/wordpress\/plugins\/seo\/ -->\n<title>Julien Gauthier sous ses nouvelles couleurs - Auvergne Enduro - Stages et randonn\u00e9es moto<\/title>\n<meta name=\"description\" content=\"Stages et randonn\u00e9es enduro. Venez d\u00e9couvrir l&#039;Auvergne \u00e0 moto. Encadr\u00e9 par Pierre Pallut, brevet\u00e9 d&#039;\u00c9tat, sp\u00e9cialiste de la comp\u00e9tition.\" \/>\n<meta name=\"robots\" content=\"index, follow, max-snippet:-1, max-image-preview:large, max-video-preview:-1\" \/>\n<link rel=\"canonical\" href=\"https:\/\/www.auvergne-enduro.fr\/?p=419\" \/>\n<meta property=\"og:locale\" content=\"fr_FR\" \/>\n<meta property=\"og:type\" content=\"article\" \/>\n<meta property=\"og:title\" content=\"Julien Gauthier sous ses nouvelles couleurs - Auvergne Enduro - Stages et randonn\u00e9es moto\" \/>\n<meta property=\"og:description\" content=\"Stages et randonn\u00e9es enduro. Venez d\u00e9couvrir l&#039;Auvergne \u00e0 moto. Encadr\u00e9 par Pierre Pallut, brevet\u00e9 d&#039;\u00c9tat, sp\u00e9cialiste de la comp\u00e9tition.\" \/>\n<meta property=\"og:url\" content=\"https:\/\/www.auvergne-enduro.fr\/?p=419\" \/>\n<meta property=\"og:site_name\" content=\"Auvergne Enduro - Stages et randonn\u00e9es moto\" \/>\n<meta property=\"article:publisher\" content=\"https:\/\/www.facebook.com\/auvergne.enduro\" \/>\n<meta property=\"article:published_time\" content=\"2012-02-29T09:45:02+00:00\" \/>\n<meta property=\"article:modified_time\" content=\"2012-02-29T09:59:24+00:00\" \/>\n<meta name=\"twitter:card\" content=\"summary_large_image\" \/>\n<script type=\"application\/ld+json\" class=\"yoast-schema-graph\">{\"@context\":\"https:\/\/schema.org\",\"@graph\":[{\"@type\":\"Organization\",\"@id\":\"http:\/\/www.auvergne-enduro.fr\/#organization\",\"name\":\"Auvergne Enduro\",\"url\":\"http:\/\/www.auvergne-enduro.fr\/\",\"sameAs\":[\"https:\/\/www.facebook.com\/auvergne.enduro\",\"https:\/\/www.instagram.com\/pierrepallut\/\"],\"logo\":{\"@type\":\"ImageObject\",\"@id\":\"http:\/\/www.auvergne-enduro.fr\/#logo\",\"inLanguage\":\"fr-FR\",\"url\":\"http:\/\/www.auvergne-enduro.fr\/wp-content\/uploads\/2016\/01\/logo_admin.png\",\"width\":323,\"height\":67,\"caption\":\"Auvergne Enduro\"},\"image\":{\"@id\":\"http:\/\/www.auvergne-enduro.fr\/#logo\"}},{\"@type\":\"WebSite\",\"@id\":\"http:\/\/www.auvergne-enduro.fr\/#website\",\"url\":\"http:\/\/www.auvergne-enduro.fr\/\",\"name\":\"Auvergne Enduro - Stages et randonn\\u00e9es moto\",\"description\":\"Stages et randonn\\u00e9es moto\",\"publisher\":{\"@id\":\"http:\/\/www.auvergne-enduro.fr\/#organization\"},\"potentialAction\":[{\"@type\":\"SearchAction\",\"target\":\"http:\/\/www.auvergne-enduro.fr\/?s={search_term_string}\",\"query-input\":\"required name=search_term_string\"}],\"inLanguage\":\"fr-FR\"},{\"@type\":\"WebPage\",\"@id\":\"https:\/\/www.auvergne-enduro.fr\/?p=419#webpage\",\"url\":\"https:\/\/www.auvergne-enduro.fr\/?p=419\",\"name\":\"Julien Gauthier sous ses nouvelles couleurs - Auvergne Enduro - Stages et randonn\\u00e9es moto\",\"isPartOf\":{\"@id\":\"http:\/\/www.auvergne-enduro.fr\/#website\"},\"datePublished\":\"2012-02-29T09:45:02+00:00\",\"dateModified\":\"2012-02-29T09:59:24+00:00\",\"description\":\"Stages et randonn\\u00e9es enduro. Venez d\\u00e9couvrir l'Auvergne \\u00e0 moto. Encadr\\u00e9 par Pierre Pallut, brevet\\u00e9 d'\\u00c9tat, sp\\u00e9cialiste de la comp\\u00e9tition.\",\"inLanguage\":\"fr-FR\",\"potentialAction\":[{\"@type\":\"ReadAction\",\"target\":[\"https:\/\/www.auvergne-enduro.fr\/?p=419\"]}]},{\"@type\":\"Article\",\"@id\":\"https:\/\/www.auvergne-enduro.fr\/?p=419#article\",\"isPartOf\":{\"@id\":\"https:\/\/www.auvergne-enduro.fr\/?p=419#webpage\"},\"author\":{\"@id\":\"http:\/\/www.auvergne-enduro.fr\/#\/schema\/person\/7370568342023ad9b96c74904129fdc8\"},\"headline\":\"Julien Gauthier sous ses nouvelles couleurs\",\"datePublished\":\"2012-02-29T09:45:02+00:00\",\"dateModified\":\"2012-02-29T09:59:24+00:00\",\"mainEntityOfPage\":{\"@id\":\"https:\/\/www.auvergne-enduro.fr\/?p=419#webpage\"},\"publisher\":{\"@id\":\"http:\/\/www.auvergne-enduro.fr\/#organization\"},\"keywords\":\"auvergne,moto,randonn\\u00e9e enduro,stage enduro\",\"articleSection\":\"News\",\"inLanguage\":\"fr-FR\"},{\"@type\":\"Person\",\"@id\":\"http:\/\/www.auvergne-enduro.fr\/#\/schema\/person\/7370568342023ad9b96c74904129fdc8\",\"name\":\"admin\",\"image\":{\"@type\":\"ImageObject\",\"@id\":\"http:\/\/www.auvergne-enduro.fr\/#personlogo\",\"inLanguage\":\"fr-FR\",\"url\":\"http:\/\/0.gravatar.com\/avatar\/9d4c645c38aed819bd8b486d4971efdf?s=96&d=mm&r=g\",\"caption\":\"admin\"}}]}<\/script>\n<!-- \/ Yoast SEO plugin. -->","_links":{"self":[{"href":"http:\/\/www.auvergne-enduro.fr\/index.php?rest_route=\/wp\/v2\/posts\/419"}],"collection":[{"href":"http:\/\/www.auvergne-enduro.fr\/index.php?rest_route=\/wp\/v2\/posts"}],"about":[{"href":"http:\/\/www.auvergne-enduro.fr\/index.php?rest_route=\/wp\/v2\/types\/post"}],"author":[{"embeddable":true,"href":"http:\/\/www.auvergne-enduro.fr\/index.php?rest_route=\/wp\/v2\/users\/1"}],"replies":[{"embeddable":true,"href":"http:\/\/www.auvergne-enduro.fr\/index.php?rest_route=%2Fwp%2Fv2%2Fcomments&post=419"}],"version-history":[{"count":5,"href":"http:\/\/www.auvergne-enduro.fr\/index.php?rest_route=\/wp\/v2\/posts\/419\/revisions"}],"predecessor-version":[{"id":425,"href":"http:\/\/www.auvergne-enduro.fr\/index.php?rest_route=\/wp\/v2\/posts\/419\/revisions\/425"}],"wp:attachment":[{"href":"http:\/\/www.auvergne-enduro.fr\/index.php?rest_route=%2Fwp%2Fv2%2Fmedia&parent=419"}],"wp:term":[{"taxonomy":"category","embeddable":true,"href":"http:\/\/www.auvergne-enduro.fr\/index.php?rest_route=%2Fwp%2Fv2%2Fcategories&post=419"},{"taxonomy":"post_tag","embeddable":true,"href":"http:\/\/www.auvergne-enduro.fr\/index.php?rest_route=%2Fwp%2Fv2%2Ftags&post=419"}],"curies":[{"name":"wp","href":"https:\/\/api.w.org\/{rel}","templated":true}]}}