{"id":530,"date":"2012-05-30T20:26:41","date_gmt":"2012-05-30T20:26:41","guid":{"rendered":"http:\/\/www.auvergne-enduro.fr\/?p=530"},"modified":"2012-05-30T20:27:37","modified_gmt":"2012-05-30T20:27:37","slug":"stage-perfectionnement-enduro-2","status":"publish","type":"post","link":"http:\/\/www.auvergne-enduro.fr\/?p=530","title":{"rendered":"Stage perfectionnement enduro"},"content":{"rendered":"<p>Le Lundi 18 Juin, un stage de perfectionnement sera organis&eacute; par Auvergne-Enduro.<\/p>\r\n<p>Revoyez les techniques fondamentales du pilotage qui vous permettront de progresser et d&#39;&eacute;voluer avec plus d&#39;aisance et de vitesse.<\/p>\r\n","protected":false},"excerpt":{"rendered":"<p>Le Lundi 18 Juin, un stage de perfectionnement sera organis&eacute; par Auvergne-Enduro. Revoyez les techniques fondamentales du pilotage qui vous permettront de progresser et d&#39;&eacute;voluer avec plus d&#39;aisance et de vitesse.<\/p>\n","protected":false},"author":1,"featured_media":0,"comment_status":"closed","ping_status":"closed","sticky":false,"template":"","format":"standard","meta":[],"categories":[6,1],"tags":[9,20,19,11],"yoast_head":"<!-- This site is optimized with the Yoast SEO plugin v14.9 - https:\/\/yoast.com\/wordpress\/plugins\/seo\/ -->\n<title>Stage perfectionnement enduro - Auvergne Enduro - Stages et randonn\u00e9es moto<\/title>\n<meta name=\"description\" content=\"Stages et randonn\u00e9es enduro. Venez d\u00e9couvrir l&#039;Auvergne \u00e0 moto. Encadr\u00e9 par Pierre Pallut, brevet\u00e9 d&#039;\u00c9tat, sp\u00e9cialiste de la comp\u00e9tition.\" \/>\n<meta name=\"robots\" content=\"index, follow, max-snippet:-1, max-image-preview:large, max-video-preview:-1\" \/>\n<link rel=\"canonical\" href=\"https:\/\/www.auvergne-enduro.fr\/?p=530\" \/>\n<meta property=\"og:locale\" content=\"fr_FR\" \/>\n<meta property=\"og:type\" content=\"article\" \/>\n<meta property=\"og:title\" content=\"Stage perfectionnement enduro - Auvergne Enduro - Stages et randonn\u00e9es moto\" \/>\n<meta property=\"og:description\" content=\"Stages et randonn\u00e9es enduro. Venez d\u00e9couvrir l&#039;Auvergne \u00e0 moto. Encadr\u00e9 par Pierre Pallut, brevet\u00e9 d&#039;\u00c9tat, sp\u00e9cialiste de la comp\u00e9tition.\" \/>\n<meta property=\"og:url\" content=\"https:\/\/www.auvergne-enduro.fr\/?p=530\" \/>\n<meta property=\"og:site_name\" content=\"Auvergne Enduro - Stages et randonn\u00e9es moto\" \/>\n<meta property=\"article:publisher\" content=\"https:\/\/www.facebook.com\/auvergne.enduro\" \/>\n<meta property=\"article:published_time\" content=\"2012-05-30T20:26:41+00:00\" \/>\n<meta property=\"article:modified_time\" content=\"2012-05-30T20:27:37+00:00\" \/>\n<meta name=\"twitter:card\" content=\"summary_large_image\" \/>\n<script type=\"application\/ld+json\" class=\"yoast-schema-graph\">{\"@context\":\"https:\/\/schema.org\",\"@graph\":[{\"@type\":\"Organization\",\"@id\":\"http:\/\/www.auvergne-enduro.fr\/#organization\",\"name\":\"Auvergne Enduro\",\"url\":\"http:\/\/www.auvergne-enduro.fr\/\",\"sameAs\":[\"https:\/\/www.facebook.com\/auvergne.enduro\",\"https:\/\/www.instagram.com\/pierrepallut\/\"],\"logo\":{\"@type\":\"ImageObject\",\"@id\":\"http:\/\/www.auvergne-enduro.fr\/#logo\",\"inLanguage\":\"fr-FR\",\"url\":\"http:\/\/www.auvergne-enduro.fr\/wp-content\/uploads\/2016\/01\/logo_admin.png\",\"width\":323,\"height\":67,\"caption\":\"Auvergne Enduro\"},\"image\":{\"@id\":\"http:\/\/www.auvergne-enduro.fr\/#logo\"}},{\"@type\":\"WebSite\",\"@id\":\"http:\/\/www.auvergne-enduro.fr\/#website\",\"url\":\"http:\/\/www.auvergne-enduro.fr\/\",\"name\":\"Auvergne Enduro - Stages et randonn\\u00e9es moto\",\"description\":\"Stages et randonn\\u00e9es moto\",\"publisher\":{\"@id\":\"http:\/\/www.auvergne-enduro.fr\/#organization\"},\"potentialAction\":[{\"@type\":\"SearchAction\",\"target\":\"http:\/\/www.auvergne-enduro.fr\/?s={search_term_string}\",\"query-input\":\"required name=search_term_string\"}],\"inLanguage\":\"fr-FR\"},{\"@type\":\"WebPage\",\"@id\":\"https:\/\/www.auvergne-enduro.fr\/?p=530#webpage\",\"url\":\"https:\/\/www.auvergne-enduro.fr\/?p=530\",\"name\":\"Stage perfectionnement enduro - Auvergne Enduro - Stages et randonn\\u00e9es moto\",\"isPartOf\":{\"@id\":\"http:\/\/www.auvergne-enduro.fr\/#website\"},\"datePublished\":\"2012-05-30T20:26:41+00:00\",\"dateModified\":\"2012-05-30T20:27:37+00:00\",\"description\":\"Stages et randonn\\u00e9es enduro. Venez d\\u00e9couvrir l'Auvergne \\u00e0 moto. Encadr\\u00e9 par Pierre Pallut, brevet\\u00e9 d'\\u00c9tat, sp\\u00e9cialiste de la comp\\u00e9tition.\",\"inLanguage\":\"fr-FR\",\"potentialAction\":[{\"@type\":\"ReadAction\",\"target\":[\"https:\/\/www.auvergne-enduro.fr\/?p=530\"]}]},{\"@type\":\"Article\",\"@id\":\"https:\/\/www.auvergne-enduro.fr\/?p=530#article\",\"isPartOf\":{\"@id\":\"https:\/\/www.auvergne-enduro.fr\/?p=530#webpage\"},\"author\":{\"@id\":\"http:\/\/www.auvergne-enduro.fr\/#\/schema\/person\/7370568342023ad9b96c74904129fdc8\"},\"headline\":\"Stage perfectionnement enduro\",\"datePublished\":\"2012-05-30T20:26:41+00:00\",\"dateModified\":\"2012-05-30T20:27:37+00:00\",\"mainEntityOfPage\":{\"@id\":\"https:\/\/www.auvergne-enduro.fr\/?p=530#webpage\"},\"publisher\":{\"@id\":\"http:\/\/www.auvergne-enduro.fr\/#organization\"},\"keywords\":\"auvergne enduro,enduro en auvergne,randonn\\u00e9e enduro,stage enduro\",\"articleSection\":\"News\",\"inLanguage\":\"fr-FR\"},{\"@type\":\"Person\",\"@id\":\"http:\/\/www.auvergne-enduro.fr\/#\/schema\/person\/7370568342023ad9b96c74904129fdc8\",\"name\":\"admin\",\"image\":{\"@type\":\"ImageObject\",\"@id\":\"http:\/\/www.auvergne-enduro.fr\/#personlogo\",\"inLanguage\":\"fr-FR\",\"url\":\"http:\/\/0.gravatar.com\/avatar\/9d4c645c38aed819bd8b486d4971efdf?s=96&d=mm&r=g\",\"caption\":\"admin\"}}]}<\/script>\n<!-- \/ Yoast SEO plugin. -->","_links":{"self":[{"href":"http:\/\/www.auvergne-enduro.fr\/index.php?rest_route=\/wp\/v2\/posts\/530"}],"collection":[{"href":"http:\/\/www.auvergne-enduro.fr\/index.php?rest_route=\/wp\/v2\/posts"}],"about":[{"href":"http:\/\/www.auvergne-enduro.fr\/index.php?rest_route=\/wp\/v2\/types\/post"}],"author":[{"embeddable":true,"href":"http:\/\/www.auvergne-enduro.fr\/index.php?rest_route=\/wp\/v2\/users\/1"}],"replies":[{"embeddable":true,"href":"http:\/\/www.auvergne-enduro.fr\/index.php?rest_route=%2Fwp%2Fv2%2Fcomments&post=530"}],"version-history":[{"count":3,"href":"http:\/\/www.auvergne-enduro.fr\/index.php?rest_route=\/wp\/v2\/posts\/530\/revisions"}],"predecessor-version":[{"id":532,"href":"http:\/\/www.auvergne-enduro.fr\/index.php?rest_route=\/wp\/v2\/posts\/530\/revisions\/532"}],"wp:attachment":[{"href":"http:\/\/www.auvergne-enduro.fr\/index.php?rest_route=%2Fwp%2Fv2%2Fmedia&parent=530"}],"wp:term":[{"taxonomy":"category","embeddable":true,"href":"http:\/\/www.auvergne-enduro.fr\/index.php?rest_route=%2Fwp%2Fv2%2Fcategories&post=530"},{"taxonomy":"post_tag","embeddable":true,"href":"http:\/\/www.auvergne-enduro.fr\/index.php?rest_route=%2Fwp%2Fv2%2Ftags&post=530"}],"curies":[{"name":"wp","href":"https:\/\/api.w.org\/{rel}","templated":true}]}}